{"id":41209,"date":"2022-08-30T07:09:47","date_gmt":"2022-08-30T07:09:47","guid":{"rendered":"https:\/\/www.likexpats.com\/malorka-co-vidiet-a-navstivit-7-miest-ocami-miestneho-cecha\/"},"modified":"2025-12-23T16:09:10","modified_gmt":"2025-12-23T16:09:10","slug":"malorka-co-vidiet-a-navstivit","status":"publish","type":"post","link":"https:\/\/www.likexpats.com\/sk\/malorka-co-vidiet-a-navstivit\/","title":{"rendered":"Malorka, \u010do vidie\u0165 a nav\u0161t\u00edvi\u0165 \u2013 7 miest o\u010dami miestneho \u010cecha"},"content":{"rendered":"<div id=\"ez-toc-container\" class=\"ez-toc-v2_0_52 counter-hierarchy ez-toc-counter ez-toc-container-direction\">\n<p class=\"ez-toc-title\">Obsah<\/p>\n<nav><ul class='ez-toc-list ez-toc-list-level-1 ' ><li class='ez-toc-page-1 ez-toc-heading-level-2'><a class=\"ez-toc-link ez-toc-heading-1\" href=\"https:\/\/www.likexpats.com\/sk\/malorka-co-vidiet-a-navstivit\/#Malorka_co_vidiet_a_navstivit_%E2%80%93_7_miest_ocami_miestneho_Cecha\" title=\"Malorka, \u010do vidie\u0165 a nav\u0161t\u00edvi\u0165 \u2013 7 miest o\u010dami miestneho \u010cecha\">Malorka, \u010do vidie\u0165 a nav\u0161t\u00edvi\u0165 \u2013 7 miest o\u010dami miestneho \u010cecha<\/a><\/li><li class='ez-toc-page-1 ez-toc-heading-level-2'><a class=\"ez-toc-link ez-toc-heading-2\" href=\"https:\/\/www.likexpats.com\/sk\/malorka-co-vidiet-a-navstivit\/#Moje_tipy_na_ubytovanie_na_Malorke\" title=\"Moje tipy na ubytovanie na Malorke\">Moje tipy na ubytovanie na Malorke<\/a><\/li><li class='ez-toc-page-1 ez-toc-heading-level-2'><a class=\"ez-toc-link ez-toc-heading-3\" href=\"https:\/\/www.likexpats.com\/sk\/malorka-co-vidiet-a-navstivit\/#Co_vidiet_a_navstivit_na_ostrove_Malorka_hlavne_mesto_Palma_De_Mallorca\" title=\"\u010co vidie\u0165 a nav\u0161t\u00edvi\u0165 na ostrove Malorka: hlavn\u00e9 mesto Palma De Mallorca\">\u010co vidie\u0165 a nav\u0161t\u00edvi\u0165 na ostrove Malorka: hlavn\u00e9 mesto Palma De Mallorca<\/a><ul class='ez-toc-list-level-3'><li class='ez-toc-heading-level-3'><a class=\"ez-toc-link ez-toc-heading-4\" href=\"https:\/\/www.likexpats.com\/sk\/malorka-co-vidiet-a-navstivit\/#1_PALMA_DE_MALLORCA\" title=\"1. PALMA DE MALLORCA\">1. PALMA DE MALLORCA<\/a><\/li><\/ul><\/li><li class='ez-toc-page-1 ez-toc-heading-level-2'><a class=\"ez-toc-link ez-toc-heading-5\" href=\"https:\/\/www.likexpats.com\/sk\/malorka-co-vidiet-a-navstivit\/#Co_vidiet_a_navstivit_na_ostrove_Malorka_dedinky_v_horach\" title=\"\u010co vidie\u0165 a nav\u0161t\u00edvi\u0165 na ostrove Malorka: dedinky v hor\u00e1ch\">\u010co vidie\u0165 a nav\u0161t\u00edvi\u0165 na ostrove Malorka: dedinky v hor\u00e1ch<\/a><ul class='ez-toc-list-level-3'><li class='ez-toc-heading-level-3'><a class=\"ez-toc-link ez-toc-heading-6\" href=\"https:\/\/www.likexpats.com\/sk\/malorka-co-vidiet-a-navstivit\/#2_SOLLER\" title=\"2. S\u00d3LLER\">2. S\u00d3LLER<\/a><\/li><li class='ez-toc-page-1 ez-toc-heading-level-3'><a class=\"ez-toc-link ez-toc-heading-7\" href=\"https:\/\/www.likexpats.com\/sk\/malorka-co-vidiet-a-navstivit\/#3_VALLDEMOSSA\" title=\"3. VALLDEMOSSA\">3. VALLDEMOSSA<\/a><\/li><li class='ez-toc-page-1 ez-toc-heading-level-3'><a class=\"ez-toc-link ez-toc-heading-8\" href=\"https:\/\/www.likexpats.com\/sk\/malorka-co-vidiet-a-navstivit\/#4_DEIA\" title=\"4. DEI\u00c1\">4. DEI\u00c1<\/a><\/li><\/ul><\/li><li class='ez-toc-page-1 ez-toc-heading-level-2'><a class=\"ez-toc-link ez-toc-heading-9\" href=\"https:\/\/www.likexpats.com\/sk\/malorka-co-vidiet-a-navstivit\/#Co_vidiet_a_navstivit_na_Malorke_autenticke_mestecka\" title=\"\u010co vidie\u0165 a nav\u0161t\u00edvi\u0165 na Malorke: autentick\u00e9 meste\u010dk\u00e1\">\u010co vidie\u0165 a nav\u0161t\u00edvi\u0165 na Malorke: autentick\u00e9 meste\u010dk\u00e1<\/a><ul class='ez-toc-list-level-3'><li class='ez-toc-heading-level-3'><a class=\"ez-toc-link ez-toc-heading-10\" href=\"https:\/\/www.likexpats.com\/sk\/malorka-co-vidiet-a-navstivit\/#5_POLLENSA\" title=\"5. POLLENSA\">5. POLLENSA<\/a><\/li><li class='ez-toc-page-1 ez-toc-heading-level-3'><a class=\"ez-toc-link ez-toc-heading-11\" href=\"https:\/\/www.likexpats.com\/sk\/malorka-co-vidiet-a-navstivit\/#6_SANTANYI\" title=\"6. SANTANY\u00cd\">6. SANTANY\u00cd<\/a><\/li><li class='ez-toc-page-1 ez-toc-heading-level-3'><a class=\"ez-toc-link ez-toc-heading-12\" href=\"https:\/\/www.likexpats.com\/sk\/malorka-co-vidiet-a-navstivit\/#7_CALA_FIGUERA\" title=\"7. CALA FIGUERA\">7. CALA FIGUERA<\/a><\/li><\/ul><\/li><li class='ez-toc-page-1 ez-toc-heading-level-2'><a class=\"ez-toc-link ez-toc-heading-13\" href=\"https:\/\/www.likexpats.com\/sk\/malorka-co-vidiet-a-navstivit\/#Prenajmi_si_auto_a_navstiv_vsetky_uvedene_miesta\" title=\"Prenajmi si auto a nav\u0161t\u00edv v\u0161etky uveden\u00e9 miesta\">Prenajmi si auto a nav\u0161t\u00edv v\u0161etky uveden\u00e9 miesta<\/a><\/li><li class='ez-toc-page-1 ez-toc-heading-level-2'><a class=\"ez-toc-link ez-toc-heading-14\" href=\"https:\/\/www.likexpats.com\/sk\/malorka-co-vidiet-a-navstivit\/#Co_vidiet_na_Malorke_Mapa_s_tipmi_od_miestneho_Cecha\" title=\"\u010co vidie\u0165 na Malorke? Mapa s tipmi od miestneho \u010cecha \">\u010co vidie\u0165 na Malorke? Mapa s tipmi od miestneho \u010cecha <\/a><\/li><li class='ez-toc-page-1 ez-toc-heading-level-2'><a class=\"ez-toc-link ez-toc-heading-15\" href=\"https:\/\/www.likexpats.com\/sk\/malorka-co-vidiet-a-navstivit\/#Hladas_ubytovanie_na_Malorke\" title=\"H\u013ead\u00e1\u0161 ubytovanie na Malorke?\">H\u013ead\u00e1\u0161 ubytovanie na Malorke?<\/a><\/li><\/ul><\/nav><\/div>\n<h2><span class=\"ez-toc-section\" id=\"Malorka_co_vidiet_a_navstivit_%E2%80%93_7_miest_ocami_miestneho_Cecha\"><\/span><strong>Malorka, \u010do vidie\u0165 a nav\u0161t\u00edvi\u0165 \u2013 7 miest o\u010dami miestneho \u010cecha<\/strong><span class=\"ez-toc-section-end\"><\/span><\/h2>\n<p><span style=\"font-weight: 400;\">V\u00e4\u010d\u0161ina cestovate\u013eov si<\/span><a href=\"http:\/\/www.infomallorca.net\/?lg=en\"> <span style=\"font-weight: 400;\">Malorku<\/span><\/a><span style=\"font-weight: 400;\"> sp\u00e1ja najm\u00e4 s letnou dovolenkou. A to je \u0161koda, preto\u017ee okrem n\u00e1dhern\u00fdch pl\u00e1\u017e\u00ed s bielym pieskom a az\u00farov\u00e9ho mora tento \u0161panielsky ostrov pon\u00faka ove\u013ea viac. Vybrali sme pre teba tie najkraj\u0161ie miesta na Malorke. O\u010daria \u0165a svojou jedine\u010dnou architekt\u00farou, n\u00e1dhern\u00fdmi v\u00fdh\u013eadmi a pr\u00edjemnou atmosf\u00e9rou. Ktor\u00e9 mest\u00e1 a dedinky by si mal na najv\u00e4\u010d\u0161om z Bale\u00e1rskych ostrovov ur\u010dite vidie\u0165? <\/span><\/p>\n<h2><span class=\"ez-toc-section\" id=\"Moje_tipy_na_ubytovanie_na_Malorke\"><\/span><strong>Moje tipy na ubytovanie na Malorke<\/strong><span class=\"ez-toc-section-end\"><\/span><\/h2>\n<p><strong>Malorku pozn\u00e1m ve\u013emi dobre a v\u00fdber spr\u00e1vneho ubytovania je naozaj k\u013e\u00fa\u010dov\u00fd. <\/strong><\/p>\n<p>Ostrov je pomerne ve\u013ek\u00fd, tak\u017ee zvy\u010dajne odpor\u00fa\u010dam ubytova\u0165 sa v jednom letovisku a na v\u00fdlety chodi\u0165 odtia\u013e. Ak tu pl\u00e1nuje\u0161 str\u00e1vi\u0165 10 a viac dn\u00ed, oplat\u00ed sa pobyt rozdeli\u0165. Napr\u00edklad 5 noc\u00ed na juhu v <strong>pokojnom meste\u010dku Colonia de San Jordi<\/strong>, kde v\u00e1m m\u00f4\u017eem pom\u00f4c\u0165 zariadi\u0165 <a href=\"https:\/\/www.likexpats.com\/apartmany-na-mallorce\/\" target=\"_blank\" rel=\"noopener\"><strong>apartm\u00e1n s \u010deskou asistenciou.<\/strong><\/a> Potom 5 noc\u00ed na <strong>severe v Alcudii<\/strong>, napr\u00edklad v <a href=\"https:\/\/www.stay22.com\/allez\/booking?campaign=mallorca-alcudia&amp;aid=likexpats&amp;link=https%3A%2F%2Fwww.booking.com%2Fhotel%2Fes%2Fmore.cs.html%3Faid%3D8104246%26no_rooms%3D1%26group_adults%3D2\" target=\"_blank\" rel=\"noopener\"><strong>hoteli Mor\u00e9<\/strong><\/a> pri pl\u00e1\u017ei alebo v <strong>Cala Ratjada<\/strong>, kde <strong><a href=\"https:\/\/booking.stay22.com\/likexpats\/Zkgckmg1a5\" target=\"_blank\" rel=\"noopener\">hotel Diamant<\/a><\/strong> pon\u00faka super polpenziu.<\/p>\n<p><strong>V lete sa rad\u0161ej vyhni Palme a letovisk\u00e1m ako El Arenal alebo Magaluf \u2013 je tam pr\u00edli\u0161 ve\u013ea turistov. Mimo sez\u00f3ny (november \u2013 marec) sa oplat\u00ed zosta\u0165 v oblasti Palmy, kde je otvoren\u00e1 v\u00e4\u010d\u0161ina re\u0161taur\u00e1ci\u00ed. <\/strong><\/p>\n<p>\u010eal\u0161ie tipy na ubytovanie na Malorke n\u00e1jde\u0161 na konci tohto \u010dl\u00e1nku<\/p>\n<h2><span class=\"ez-toc-section\" id=\"Co_vidiet_a_navstivit_na_ostrove_Malorka_hlavne_mesto_Palma_De_Mallorca\"><\/span><strong>\u010co vidie\u0165 a nav\u0161t\u00edvi\u0165 na ostrove Malorka<\/strong><strong>: hlavn\u00e9 mesto Palma De Mallorca<\/strong><span class=\"ez-toc-section-end\"><\/span><\/h2>\n<h3><span class=\"ez-toc-section\" id=\"1_PALMA_DE_MALLORCA\"><\/span><strong>1. PALMA DE MALLORCA<\/strong><span class=\"ez-toc-section-end\"><\/span><\/h3>\n<p><span style=\"font-weight: 400;\">Hlavn\u00e9 mesto Palma de Mallorca je nielen najv\u00e4\u010d\u0161ie, ale m\u00e1 aj najviac historick\u00fdch pamiatok. Hlavnou dominantou je gotick\u00e1 pieskovcov\u00e1 katedr\u00e1la Panny M\u00e1rie alebo aj <\/span><b>Katedr\u00e1la La Seu.<\/b><span style=\"font-weight: 400;\">. Dvakr\u00e1t za rok m\u016f\u017ee\u0161 uvnit\u0159 na vlastn\u00ed o\u010di vid\u011bt pozoruhodnou hru prostoru a sv\u011btel, kdy se na jedn\u00e9 ze st\u011bn prom\u00edtnou vitr\u00e1\u017ee oken do tvaru osmi\u010dky, symbolu nekone\u010dna. To je d\u016fvodem, pro\u010d se katedr\u00e1le p\u0159ezd\u00edv\u00e1 \u201ekatedr\u00e1la sv\u011btla\u201c. Tenhle \u00fakaz se d\u011bje v\u017edy 2. \u00fanora a 11. listopadu v 8 hodin r\u00e1no. Vstup se v tyto dny neplat\u00ed, ale je pot\u0159eba si opravdu p\u0159ivstat, proto\u017ee sv\u011bteln\u00fd z\u00e1zrak cht\u011bj\u00ed na vlastn\u00ed o\u010di vid\u011bt davy lid\u00ed. Mimo tyto dva dny je v katedr\u00e1le La Seu vstupn\u00e9 8 EUR <\/span><\/p>\n<p><span style=\"font-weight: 400;\">Hne\u010f ved\u013ea katedr\u00e1ly sa nach\u00e1dza maursk\u00fd <\/span><b>pal\u00e1c Almudaina<\/b><span style=\"font-weight: 400;\">, ktor\u00fd kedysi sl\u00fa\u017eil ako s\u00eddlo maursk\u00fdch vez\u00edrov, malorsk\u00fdch panovn\u00edkov alebo guvern\u00e9ra. Dnes v pal\u00e1ci n\u00e1jde\u0161 skvel\u00fa expoz\u00edciu historick\u00e9ho m\u00fazea s ve\u013ekolepou tr\u00f3nnou s\u00e1lou. Pal\u00e1c Almudaina je jednou z ofici\u00e1lnych rezidenci\u00ed \u0161panielskej kr\u00e1\u013eovskej rodiny. Preto, ke\u010f je kr\u00e1\u013e alebo niekto z jeho rodiny na Malorke, ju\u017en\u00e9 kr\u00eddlo je pre verejnos\u0165 zatvoren\u00e9. <\/span><\/p>\n<p><span style=\"font-weight: 400;\">Zauj\u00edma \u0165a \u0161panielska architekt\u00fara? Potom by si si nemal necha\u0165 ujs\u0165 <\/span><b>m\u00fazeum Pueblo Espa\u00f1ol<\/b><span style=\"font-weight: 400;\"> v z\u00e1padnej \u010dasti mesta. Jeho v\u00fdstava pod hol\u00fdm nebom pon\u00faka miniat\u00fary najzn\u00e1mej\u0161\u00edch \u0161panielskych stavieb, od budov na n\u00e1mest\u00ed a\u017e po sl\u00e1vne ulice. S\u00fa\u010das\u0165ou v\u00fdstavy je aj zauj\u00edmav\u00e1 expoz\u00edcia tradi\u010dn\u00fdch \u013eudov\u00fdch remesiel. <\/span><\/p>\n<p><span style=\"font-weight: 400;\">Hlavn\u00e9 mesto Malorky si m\u00f4\u017ee\u0161 pozrie\u0165 aj z v\u00fd\u0161ky. Sta\u010d\u00ed vyst\u00fapi\u0165 na <\/span><b>hrad Bellver.<\/b><span style=\"font-weight: 400;\">. Jeho impozantn\u00ed gotick\u00e1 stavba se ty\u010d\u00ed na kopci asi 3 kilometry od centra m\u011bsta. Dechberouc\u00ed v\u00fdhledy z hradeb za ten v\u00fd\u0161lap opravdu stoj\u00ed! Bellver ostatn\u011b v katal\u00e1n\u0161tin\u011b znamen\u00e1 \u201ekr\u00e1sn\u00e1 vyhl\u00eddka\u201c. Uvid\u00ed\u0161 odtud na Palma de Mallorca a tak\u00e9 na celou z\u00e1toku. V p\u0159\u00edzem\u00ed s\u00eddl\u00ed m\u011bstsk\u00e9 historick\u00e9 muzeum. Prohl\u00e9dnout si zde m\u016f\u017ee\u0161 t\u0159eba tr\u016fnn\u00ed a kr\u00e1lovsk\u00fd s\u00e1l, kapli, v\u011bznici s mu\u010d\u00edrnou nebo kuchy\u0148. <\/span><\/p>\n<p><span style=\"font-weight: 400;\">Ak m\u00e1\u0161 r\u00e1d prech\u00e1dzky pozd\u013a\u017e mora, odpor\u00fa\u010dame ti v\u00fdlet z Palmy de Mallorca do<\/span><b> pr\u00edstavn\u00e9ho mesta Portixol.<\/b><span style=\"font-weight: 400;\">. P\u011b\u0161ky nebo na kole t\u011b tam zavede malebn\u00e1 pob\u0159e\u017en\u00ed promen\u00e1da o d\u00e9lce asi 16 km. V t\u00e9to b\u00fdval\u00e9 ryb\u00e1\u0159sk\u00e9 vesni\u010dce dnes najde\u0161 n\u011bkolik skv\u011bl\u00fdch restaurac\u00ed a p\u0159edev\u0161\u00edm velmi p\u0159\u00edjemnou st\u0159edomo\u0159skou atmosf\u00e9ru. <\/span><\/p>\n<p><img decoding=\"async\" class=\"aligncenter wp-image-14080 size-full\" title=\"palma_de_mallorca\" src=\"https:\/\/www.likexpats.com\/wp-content\/uploads\/2022\/07\/Katedra%CC%81la-v-Palma-de-Mallorca.png\" alt=\"palma_de_mallorca\" width=\"1200\" height=\"800\" \/><\/p>\n<h2><span class=\"ez-toc-section\" id=\"Co_vidiet_a_navstivit_na_ostrove_Malorka_dedinky_v_horach\"><\/span><strong>\u010co vidie\u0165 a nav\u0161t\u00edvi\u0165 na ostrove Malorka: dedinky v hor\u00e1ch<\/strong><span class=\"ez-toc-section-end\"><\/span><\/h2>\n<h3><span class=\"ez-toc-section\" id=\"2_SOLLER\"><\/span><strong>2. S\u00d3LLER<\/strong><span class=\"ez-toc-section-end\"><\/span><\/h3>\n<p><span style=\"font-weight: 400;\">\u010co vidie\u0165 na ostrove Malorka? Horsk\u00e9 dedinky! Do \u010fal\u0161ieho cie\u013ea, meste\u010dka S\u00f3ller, vedie z Palma de Mallorca <\/span><b>historick\u00e1 \u017eelezni\u010dn\u00e1 tra\u0165.<\/b><span style=\"font-weight: 400;\">. Tahle cesta r\u016fznorodou mallorskou krajinou rozhodn\u011b stoj\u00ed za to! Sou\u010d\u00e1st\u00ed trati p\u0159ezd\u00edvan\u00e9 \u201e\u010cerven\u00fd \u0161\u00edp\u201c z roku 1913 je 14 tunel\u016f, z nich\u017e nejdel\u0161\u00ed m\u011b\u0159\u00ed skoro 3 km. Od n\u00ed\u017ein u hlavn\u00edho m\u011bsta vlak stoup\u00e1 do vysok\u00fdch hor a pot\u00e9 zase kles\u00e1 do horsk\u00e9 kotliny poho\u0159\u00ed Sierra de Tramuntana, kde S\u00f3ller uprost\u0159ed pomeran\u010dov\u00fdch a olivov\u00fdch sad\u016f le\u017e\u00ed. <\/span><\/p>\n<p><span style=\"font-weight: 400;\">Prirodzen\u00fdm centrom mesta S\u00f3ller je n\u00e1dhern\u00e9<\/span> <b>n\u00e1mestie Pla\u00e7a de la Constituci\u00f3.<\/b><span style=\"font-weight: 400;\">. Krom\u011b radnice tady uvid\u00ed\u0161 p\u016fsobiv\u00fd kostel Esgl\u00e9sia Sant Bartomeu, kter\u00fd zaj\u00edmav\u011b kombinuje gotick\u00fd interi\u00e9r s modernistick\u00fdm pr\u016f\u010del\u00edm. Dal\u0161\u00ed \u00factyhodnou stavbou na n\u00e1m\u011bst\u00ed je pal\u00e1c Banc de S\u00f3ller postaven\u00fd ve stylu katal\u00e1nsk\u00e9 secese. V samotn\u00e9m st\u0159edu se nach\u00e1z\u00ed ka\u0161na a vysok\u00e9 platany, jejich\u017e st\u00edn za parn\u00e9ho letn\u00edho dne ur\u010dit\u011b ocen\u00ed\u0161. Ob\u010derstvit se tady m\u016f\u017ee\u0161 v mnoha \u00fatuln\u00fdch restaurac\u00edch a kav\u00e1rn\u00e1ch s v\u00fdhledem historick\u00e9 tramvaje proj\u00ed\u017ed\u011bj\u00edc\u00ed t\u011bsn\u011b kolem. <\/span><\/p>\n<p><span style=\"font-weight: 400;\">U\u017eil si si cestu historick\u00fdm vlakom z hlavn\u00e9ho mesta do S\u00f3lleru? Potom m\u00f4\u017ee\u0161 pokra\u010dova\u0165 z malebn\u00e9ho n\u00e1mestia do ne\u010falek\u00e9ho pr\u00edstavu Port de S\u00f3ller <\/span><b>historickou elektri\u010dkou.<\/b><span style=\"font-weight: 400;\">. D\u00edky t\u00e9to 5 km dlouh\u00e9 trati se 17 zast\u00e1vkami je S\u00f3ller jedn\u00edm z nejmen\u0161\u00edch evropsk\u00fdch m\u011bst s funk\u010dn\u00edm tramvajov\u00fdm provozem. V p\u0159\u00edjemn\u00e9m p\u0159\u00edstavn\u00edm m\u011bste\u010dku Port de S\u00f3ller m\u016f\u017ee\u0161 zbytek dne str\u00e1vit relaxac\u00ed na p\u011bkn\u00e9 m\u00edstn\u00ed pl\u00e1\u017ei. <\/span><\/p>\n<h3><span class=\"ez-toc-section\" id=\"3_VALLDEMOSSA\"><\/span><strong>3. VALLDEMOSSA<\/strong><span class=\"ez-toc-section-end\"><\/span><\/h3>\n<p><span style=\"font-weight: 400;\">Dominantou meste\u010dka Valldemossa na severoz\u00e1pade Malorky je<\/span> <b>kartuzi\u00e1nsky kl\u00e1\u0161tor Cartoixa<\/b> <b>de Valldemossa. V kl\u00e1\u0161tore si m\u00f4\u017ee\u0161 pozrie\u0165 unik\u00e1tnu star\u00fa lek\u00e1re\u0148 s p\u00f4vodn\u00fdm zariaden\u00edm a mn\u00ed\u0161ske cely. V jednej z nich sa v roku 1838 ne\u00faspe\u0161ne lie\u010dil na tuberkul\u00f3zu svetozn\u00e1my po\u013esk\u00fd skladate\u013e Fryderyk Chopin. Okrem lie\u010dby sa tu Chopin aj in\u0161piroval a tvoril. Pr\u00e1ve v jeho cele vznikli niektor\u00e9 z jeho sl\u00e1vnych diel a dodnes tu je mo\u017en\u00e9 vidie\u0165 klav\u00edr, na ktorom hral. Hne\u010f ved\u013ea kl\u00e1\u0161tora sa nach\u00e1dza<\/b><span style=\"font-weight: 400;\">. Vid\u011bt v n\u011bm m\u016f\u017ee\u0161 unik\u00e1tn\u00ed starou l\u00e9k\u00e1rnu s p\u016fvodn\u00edm vybaven\u00edm i mni\u0161sk\u00e9 cely. V jedn\u00e9 z nich se v roce 1838 ne\u00fasp\u011b\u0161n\u011b l\u00e9\u010dil z tuberkul\u00f3zy sv\u011btov\u011b zn\u00e1m\u00fd polsk\u00fd hudebn\u00ed skladatel Frederyk Chopin. Krom\u011b l\u00e9\u010dby se zde ale Chopin tak\u00e9 inspiroval a tvo\u0159il. Pr\u00e1v\u011b v jeho cele vznikla n\u011bkter\u00e1 jeho slavn\u00e1 d\u00edla a st\u00e1le zde m\u016f\u017ee\u0161 vid\u011bt klav\u00edr, na kter\u00e9m hr\u00e1l. Hned vedle kl\u00e1\u0161tera le\u017e\u00ed <\/span><b>kr\u00e1\u013eovsk\u00fd pal\u00e1c Palau del rei Sanc<\/b><span style=\"font-weight: 400;\">, kde m\u00f4\u017ee\u0161 nav\u0161t\u00edvi\u0165 n\u00e1dherne zariaden\u00e9 komnaty a s\u00e1lu, v ktorej sa konaj\u00fa klav\u00edrne koncerty. Samozrejme, hraj\u00fa sa tu najm\u00e4 Chopinove skladby. <\/span><\/p>\n<p><span style=\"font-weight: 400;\">Ak sa vyberie\u0161 do Valldemossy 28. j\u00fala alebo 24. augusta, vychutn\u00e1\u0161 si meste\u010dko po\u010das ve\u013ekolep\u00fdch osl\u00e1v. Tieto <\/span><b>dve sl\u00e1vnosti<\/b><span style=\"font-weight: 400;\"> sa konaj\u00fa na po\u010des\u0165 miestnych patr\u00f3nov: sv\u00e4tej Katar\u00edny a sv\u00e4t\u00e9ho Bartolomeja. Ulice s\u00fa \u010dasto kr\u00e1sne vyzdoben\u00e9 girlandami a podobiz\u0148ami sv\u00e4tcov. <\/span><\/p>\n<p><span style=\"font-weight: 400;\">Ak si fan\u00fa\u0161ikom herca Michaela Douglasa alebo here\u010dky Catherine Zeta-Jones, mo\u017eno \u0165a pote\u0161\u00ed, \u017ee sa s nimi m\u00f4\u017eete stretn\u00fa\u0165 pr\u00e1ve vo Valldemosse. Tento hviezdny p\u00e1r tu vlastn\u00ed dom a ka\u017edoro\u010dne tu tr\u00e1vi letn\u00fa dovolenku. To o tejto kr\u00e1snej \u010dasti na\u0161ej plan\u00e9ty ve\u013ea vypoved\u00e1, v\u0161ak? \ud83d\ude42 <\/span><\/p>\n<p><img decoding=\"async\" class=\"aligncenter wp-image-14081 size-full\" title=\"Valldemossa\" src=\"https:\/\/www.likexpats.com\/wp-content\/uploads\/2022\/07\/Hezka%CC%81-mi%CC%81sta-na-Mallorce-Valldemossa.png\" alt=\"Valldemossa\" width=\"1200\" height=\"800\" \/><\/p>\n<h3><span class=\"ez-toc-section\" id=\"4_DEIA\"><\/span><strong>4. DEI\u00c1<\/strong><span class=\"ez-toc-section-end\"><\/span><\/h3>\n<p><span style=\"font-weight: 400;\">Si srdcom umelec? Potom ur\u010dite nav\u0161t\u00edv idylick\u00fa dedinku Dei\u00e1, ktor\u00e1 sa nach\u00e1dza v tieni hory Teix, na polceste medzi Valldemossou a Port de S\u00f3ller. Neby\u0165 sl\u00e1vneho anglick\u00e9ho b\u00e1snika a spisovate\u013ea Roberta Gravesa, pravdepodobne by dnes bola jednou z mnoh\u00fdch ded\u00edn na Malorke. Ale tento umelec, ktor\u00fd tu v prvej polovici minul\u00e9ho storo\u010dia \u010dasto b\u00fdval, urobil z Dei\u00e1 doslova umeleck\u00e9 letovisko. V jeho dome <\/span><b>Ca N&#8217;Alluny<\/b><span style=\"font-weight: 400;\"> m\u00f4\u017ee\u0161 nav\u0161t\u00edvi\u0165 zauj\u00edmav\u00e9 m\u00fazeum a okrem toho sa tu nach\u00e1dza mno\u017estvo umeleck\u00fdch gal\u00e9ri\u00ed. <\/span><\/p>\n<p><span style=\"font-weight: 400;\">Dei\u00e1 je tie\u017e zn\u00e1ma z\u00e1kazom v\u00fdstavby nov\u00fdch domov, tak\u017ee si st\u00e1le zachov\u00e1va svoj p\u00f4vodn\u00fd a autentick\u00fd charakter s medovo zafarben\u00fdmi domami obklopen\u00fdmi zele\u0148ou. Nie n\u00e1hodou sa t\u00e1to dedina stala ob\u013e\u00faben\u00fdm miestom princeznej Diany, miliard\u00e1ra Richarda Bransona a \u010fal\u0161\u00edch celebr\u00edt. <\/span><\/p>\n<p><img decoding=\"async\" class=\"aligncenter wp-image-14082 size-full\" title=\"Dei\u00e1\" src=\"https:\/\/www.likexpats.com\/wp-content\/uploads\/2022\/07\/Nejhezc%CC%8Ci%CC%81-mi%CC%81sta-na-Mallorca-Cala-Deia%CC%81.png\" alt=\"Dei\u00e1\" width=\"1200\" height=\"800\" \/><\/p>\n<h2><span class=\"ez-toc-section\" id=\"Co_vidiet_a_navstivit_na_Malorke_autenticke_mestecka\"><\/span><strong>\u010co vidie\u0165 a nav\u0161t\u00edvi\u0165 na Malorke<\/strong><strong>: autentick\u00e9 meste\u010dk\u00e1<\/strong><span class=\"ez-toc-section-end\"><\/span><\/h2>\n<h3><span class=\"ez-toc-section\" id=\"5_POLLENSA\"><\/span><strong>5. POLLENSA<\/strong><span class=\"ez-toc-section-end\"><\/span><\/h3>\n<p><span style=\"font-weight: 400;\">\u010co vidie\u0165 na severnom pobre\u017e\u00ed Malorky? Meste\u010dko Pollensa (alebo Pollen\u00e7a) na severe ostrova je jednou z ded\u00edn, ktor\u00e9 by si na Malorke nemal vynecha\u0165. Na pripomienky jej bohatej hist\u00f3rie naraz\u00ed\u0161 takmer na ka\u017edom kroku. Jedine\u010dn\u00e1 atmosf\u00e9ra starobyl\u00fdch stredomorsk\u00fdch meste\u010diek pln\u00fdch \u00fazkych uli\u010diek s n\u00e1mestiami lemovan\u00fdmi kaviar\u0148ami a re\u0161taur\u00e1ciami o\u010dar\u00ed ka\u017ed\u00e9ho. Tu m\u00f4\u017ee\u0161 prejs\u0165 cez rieku po kamennom <\/span><b>r\u00edmskom moste Pont Rom\u00e0<\/b><span style=\"font-weight: 400;\">. <\/span><span style=\"font-weight: 400;\">Pollensu odpor\u00fa\u010dame nav\u0161t\u00edvi\u0165 v nede\u013eu, ke\u010f sa na hlavnom n\u00e1mest\u00ed konaj\u00fa<\/span><b> Pla\u00e7a Mayor<\/b><\/p>\n<p><span style=\"font-weight: 400;\"> \u2013 sl\u00e1vne nede\u013en\u00e9 trhy. Okrem \u010derstv\u00e9ho ovocia, zeleniny a morsk\u00fdch plodov tu m\u00f4\u017ee\u0161 ochutna\u0165 vynikaj\u00face syry, \u00fadeniny a miestne v\u00edno. <\/span><\/p>\n<p><span style=\"font-weight: 400;\">Po zdolan\u00ed 365 schodov po aleji lemovanej cyprusovn\u00edkmi a \u0161trn\u00e1stimi ve\u013ek\u00fdmi kr\u00ed\u017emi sa ocitne\u0161 pri<\/span> <b>Kaplnke El Calvari.<\/b><span style=\"font-weight: 400;\">. Odtud se p\u0159ed tebou otev\u0159e opravdu p\u0159ekr\u00e1sn\u00fd v\u00fdhled na cel\u00e9 m\u011bsto le\u017e\u00edc\u00ed v \u00fadol\u00ed mezi vrcholky Puig de Mar\u00eda a Puig de Calvari. Zvl\u00e1\u0161\u0165 b\u011bhem l\u00e9ta si na tenhle v\u00fd\u0161lap nezapome\u0148 lahev s vodou. <\/span><\/p>\n<p><span style=\"font-weight: 400;\">V Pollense n\u00e1jde\u0161 na mnoh\u00fdch miestach pamiatky na dramatick\u00fa minulos\u0165 \u010dast\u00fdch pir\u00e1tskych n\u00e1jazdov. Najzn\u00e1mej\u0161\u00edm z nich bol maursk\u00fd vp\u00e1d v roku 1550, ktor\u00fd si miestni obyvatelia aj turisti ka\u017edoro\u010dne pripom\u00ednaj\u00fa. <\/span><b>2. augusta<\/b><span style=\"font-weight: 400;\">. <\/span><\/p>\n<h3><span class=\"ez-toc-section\" id=\"6_SANTANYI\"><\/span><strong>6. SANTANY\u00cd<\/strong><span class=\"ez-toc-section-end\"><\/span><\/h3>\n<p><span style=\"font-weight: 400;\">Chce\u0161 vidie\u0165 prav\u00fa, autentick\u00fa Malorku? Potom nav\u0161t\u00edv dedinku Santany\u00ed na samom ju\u017enom c\u00edpe ostrova. Kamenn\u00e9 budovy obklopen\u00e9 pr\u00edrodou s\u00fa naozaj o\u010daruj\u00face. \u00dazke uli\u010dky lemuj\u00fa skvel\u00e9 re\u0161taur\u00e1cie, gal\u00e9rie a remeseln\u00e9 dielne. Z\u00e1hrady podnikov na n\u00e1mest\u00ed s\u00fa takmer v\u017edy pln\u00e9 n\u00e1v\u0161tevn\u00edkov, ktor\u00ed si doslova u\u017e\u00edvaj\u00fa pr\u00edjemn\u00fa atmosf\u00e9ru so \u0161\u00e1lkou k\u00e1vy alebo miestneho v\u00edna v ruke. <\/span><\/p>\n<p><span style=\"font-weight: 400;\">Santany\u00ed je ako stvoren\u00e1 pre<\/span> <b>v\u00edkendov\u00fd pobyt.<\/b><span style=\"font-weight: 400;\">. V sobotu se ti rozhodn\u011b vyplat\u00ed si p\u0159ivstat. B\u011bhem sn\u00eddan\u011b v n\u011bkter\u00e9 z kav\u00e1ren na n\u00e1m\u011bst\u00ed m\u016f\u017ee\u0161 pozorovat ruch na jednom z nejhez\u010d\u00edch trh\u016f na Mallorce. Potom se p\u0159\u00edmo nab\u00edz\u00ed ochutnat n\u011bkterou z dom\u00e1c\u00edch specialit jako Ensaimada, Coca de Albaricoque nebo Sobrasada. Nakoupit tady m\u016f\u017ee\u0161 tak\u00e9 par\u00e1dn\u00ed suven\u00fdry, jako je t\u0159eba ochucen\u00e1 mo\u0159sk\u00e1 s\u016fl od zna\u010dky Flor de Es Trenc. Tahle s\u016fl se ru\u010dn\u011b sb\u00edr\u00e1 z nedalek\u00fdch soln\u00fdch jezer. Vynikaj\u00edc\u00ed je nap\u0159\u00edklad ta s p\u0159\u00edchut\u00ed oliv nebo obi\u0161ku. <\/span><\/p>\n<h4><strong>Ochutnaj malorsk\u00e9 mandle<\/strong><\/h4>\n<p><span style=\"font-weight: 400;\">N\u00e1jde\u0161 tu aj delik\u00e1tne malorsk\u00e9 mandle, ktor\u00e9 rast\u00fa na mand\u013eovn\u00edkoch v okol\u00ed Santany\u00ed. Absol\u00fatne najlep\u0161\u00edm suven\u00edrom je nepochybne Ensaimada, \u010do je tradi\u010dn\u00e9 nad\u00fdchan\u00e9 sladk\u00e9 pe\u010divo, ktor\u00e9 nikde inde nek\u00fapi\u0161. Na\u0161ou ob\u013e\u00fabenou pr\u00edchu\u0165ou je ur\u010dite \u010dokol\u00e1da! Ensaimadu si m\u00f4\u017ee\u0161 objedna\u0165 a potom vyzdvihn\u00fa\u0165 v ktorejko\u013evek pek\u00e1rni, kde ti ju pekne zabalia do krabice, aby si si ju mohol vzia\u0165 so sebou do lietadla. Neboj sa, na Malorke sa na t\u00fato \u201ebato\u017einu navy\u0161e\u201c nikto nepozer\u00e1 a do lietadla sa dostane\u0161 v pohode. N\u00e1\u0161 miestny tip na pek\u00e1re\u0148, kde robia tie najchutnej\u0161ie Ensaimadas: <a href=\"https:\/\/goo.gl\/maps\/dmwLUG1juPTHZmQ49\">Forn d&#8217;es Mol\u00ed<\/a> v dedinke Es Llombards. <\/span><\/p>\n<p><span style=\"font-weight: 400;\">Sobota je ide\u00e1lnym d\u0148om na v\u00fdlet na najju\u017enej\u0161\u00ed bod Malorky, ktor\u00fdm je<\/span> <b>mys s maj\u00e1kom Ses Salines. Ak sa od maj\u00e1ka vyd\u00e1\u0161 po ceste vpravo pozd\u013a\u017e pobre\u017eia, za 30 min\u00fat pr\u00edde\u0161 na kr\u00e1snu pl\u00e1\u017e, kde m\u00f4\u017ee\u0161 str\u00e1vi\u0165 zvy\u0161ok d\u0148a. Ve\u010der ti ur\u010dite vyhladne, preto sa vyber do re\u0161taur\u00e1cie Alchemy na n\u00e1mest\u00ed Santany\u00ed. Zaru\u010dujeme ti, \u017ee si tu zamiluje\u0161 fantastick\u00e9 tapas.<\/b><span style=\"font-weight: 400;\">. Kdy\u017e se d\u00e1\u0161 od maj\u00e1ku cestou vpravo pod\u00e9l pob\u0159e\u017e\u00ed, doraz\u00ed\u0161 b\u011bhem 30 minut na n\u00e1dhernou pl\u00e1\u017e, kde m\u016f\u017ee\u0161 str\u00e1vit zbytek dne. Do ve\u010dera ti ur\u010dit\u011b vyhl\u00e1dne, a tak vyraz do restaurace Alchemy na n\u00e1m\u011bst\u00ed Santany\u00ed. Garantujeme ti, \u017ee zdej\u0161\u00ed fantastick\u00e9 tapas si zamiluje\u0161. <\/span><\/p>\n<p><span style=\"font-weight: 400;\">Skvel\u00fd sp\u00f4sob, ako str\u00e1vi\u0165 nede\u013eu, je<\/span> <b>v\u00fdlet lo\u010fou do pr\u00edrodn\u00e9ho parku Cabrera. Tento ostrov\u010dek je zn\u00e1my svojou kr\u00e1snou pr\u00edrodou so vz\u00e1cnymi druhmi zvierat a rastl\u00edn. V kri\u0161t\u00e1\u013eovo \u010distej vode si m\u00f4\u017ee\u0161 vychutna\u0165 dokonal\u00e9 pot\u00e1panie alebo \u0161norchlovanie. V\u00fdletn\u00e1 lo\u010f sa vracia do Santanyi okolo 17:00, \u010do je ide\u00e1lny \u010das na posedenie v jednom z barov na promen\u00e1de pri pozorovan\u00ed z\u00e1padu slnka. Ide\u00e1lne zakon\u010denie skvel\u00e9ho v\u00edkendu, \u010do mysl\u00ed\u0161?<\/b><span style=\"font-weight: 400;\">. Tento ostr\u016fvek je zn\u00e1m\u00fd pro kr\u00e1snou p\u0159\u00edrodu se vz\u00e1cn\u00fdmi druhy zv\u00ed\u0159at i rostlin. V k\u0159i\u0161\u0165\u00e1lov\u011b \u010dist\u00e9 vod\u011b si u\u017eije\u0161 perfektn\u00ed pot\u00e1p\u011bn\u00ed nebo \u0161norchlov\u00e1n\u00ed. V\u00fdletn\u00ed lo\u010f se do Santany\u00ed vrac\u00ed kolem 17 hodin, co\u017e je ide\u00e1ln\u00ed \u010das na posezen\u00ed v n\u011bkter\u00e9m z bar\u016f na promen\u00e1d\u011b p\u0159i pozorov\u00e1n\u00ed z\u00e1padu slunce. Dokonal\u00e9 zakon\u010den\u00ed par\u00e1dn\u00edho v\u00edkendu, co mysl\u00ed\u0161? <\/span><\/p>\n<h3><span class=\"ez-toc-section\" id=\"7_CALA_FIGUERA\"><\/span><strong>7. CALA FIGUERA<\/strong><span class=\"ez-toc-section-end\"><\/span><\/h3>\n<p><span style=\"font-weight: 400;\">\u010co vidie\u0165 na v\u00fdchodnom pobre\u017e\u00ed ostrova Malorka? V ryb\u00e1rskej dedinke Cala Figuera sa bude\u0161 c\u00edti\u0165 ako v stredomorskej rozpr\u00e1vke. Svie\u017ea zele\u0148 figovn\u00edkov v kombin\u00e1cii s tyrkysov\u00fdm morom a az\u00farovou oblohou je doslova n\u00e1vykov\u00e1. Dedinka le\u017e\u00ed vo fjordovej z\u00e1toke rozdelenej na dve \u010dasti. Z\u00e1toka medzi Cal\u00f3 d&#8217;En Boira a Cal\u00f3 d&#8217;En Busques m\u00e1 teda tvar p\u00edsmena Y. Na konci \u013eav\u00e9ho ramena n\u00e1jde\u0161 tradi\u010dn\u00e9 ryb\u00e1rske domy s charakteristick\u00fdmi lodn\u00fdmi pr\u00edstavmi. Je to ur\u010dite jedno z najromantickej\u0161\u00edch miest na Malorke. <\/span><\/p>\n<p><span style=\"font-weight: 400;\">Cala Figuera si napriek turistick\u00e9mu ruchu v tejto oblasti zachovala charakter tradi\u010dnej ryb\u00e1rskej dedinky. Ka\u017ed\u00fd de\u0148 odtia\u013eto skoro r\u00e1no vypl\u00e1vaj\u00fa v\u00e4\u010d\u0161ie i men\u0161ie ryb\u00e1rske lode a popoludn\u00ed sa vracaj\u00fa so svojimi \u00falovkami. V popolud\u0148aj\u0161\u00edch hodin\u00e1ch si tu m\u00f4\u017ee\u0161 k\u00fapi\u0165 <\/span><b>naj\u010derstvej\u0161ie ryby a morsk\u00e9 plody priamo od ryb\u00e1rov<\/b><span style=\"font-weight: 400;\">. <\/span><\/p>\n<p><span style=\"font-weight: 400;\">Samozrejme, v \u00fatuln\u00fdch re\u0161taur\u00e1ci\u00e1ch v pr\u00edstave m\u00f4\u017ee\u0161 ochutna\u0165 aj plody miestneho mora. Pri ve\u010deri a poh\u00e1ri v\u00edna si m\u00f4\u017ee\u0161 naplno vychutna\u0165 trochu monot\u00f3nnu, ale nezabudnute\u013en\u00fa a idylick\u00fa scen\u00e9riu okolo seba. <\/span><\/p>\n<h2><span class=\"ez-toc-section\" id=\"Prenajmi_si_auto_a_navstiv_vsetky_uvedene_miesta\"><\/span><strong>Prenajmi si auto a nav\u0161t\u00edv v\u0161etky uveden\u00e9 miesta<\/strong><span class=\"ez-toc-section-end\"><\/span><\/h2>\n<p><span style=\"font-weight: 400;\">Najkraj\u0161ie pl\u00e1\u017ee a pamiatky Malorky s\u00fa roztr\u00fasen\u00e9 po celom ostrove, preto odpor\u00fa\u010dame prenaja\u0165 si auto. Kvalita ciest a celkovej turistickej infra\u0161trukt\u00fary je naozaj vysok\u00e1, tak\u017ee sa na Malorke nemus\u00ed\u0161 ob\u00e1va\u0165 \u0161of\u00e9rovania. Auto je tu jednoducho najr\u00fdchlej\u0161\u00ed a najpohodlnej\u0161\u00ed sp\u00f4sob dopravy. Navy\u0161e je tu mno\u017estvo \u00fa\u017easn\u00fdch miest, vr\u00e1tane niektor\u00fdch zn\u00e1mych pl\u00e1\u017e\u00ed, na ktor\u00e9 sa jednoducho nedostane\u0161 inak ako autom, tak\u017ee pren\u00e1jom auta na Malorke je pre spozn\u00e1vanie ostrova nevyhnutn\u00e9. <\/span><\/p>\n<div aria-hidden=\"true\">\n<p>Preto sme pre teba pripravili <strong>z\u013eavov\u00fd k\u00f3d<\/strong> v autopo\u017ei\u010dovni <a href=\"https:\/\/offugo.es\/?voucher=mymallorcadiary\" target=\"_blank\" rel=\"noopener\">offUgo<\/a>, ktor\u00fa sme osobne vysk\u00fa\u0161ali a kde <strong>si m\u00f4\u017ee\u0161 prenaja\u0165 auto bez kreditnej karty a bez z\u00e1lohy na karte (zaplat\u00ed\u0161 len z\u00e1lohu 120 EUR za benz\u00edn)<\/strong>. <strong>Nemus\u00ed\u0161 \u010daka\u0165 v radoch na letisku, auto si m\u00f4\u017ee\u0161 prevzia\u0165 na parkovisku a otvori\u0165 ho mobiln\u00fdm telef\u00f3nom a druh\u00fd vodi\u010d je dokonca zadarmo. V\u0161etky vozidl\u00e1 s\u00fa nov\u00e9 a maj\u00fa pln\u00e9 poistenie. <\/strong><\/p>\n<p>Ak chce\u0161 uplatni\u0165 <strong>z\u013eavu 10 % z celkovej sumy<\/strong>, zadaj po\u010das rezerv\u00e1cie <strong>z\u013eavov\u00fd k\u00f3d \u201eMYMALLORCADIARY\u201c.<\/strong><\/p>\n<p><em>Aktualiz\u00e1cia 18. 2. 2025. Tento rok sa o\u010dak\u00e1va, \u017ee ceny za pren\u00e1jom \u00e1ut na Malorke sa kv\u00f4li vysok\u00e9mu dopytu v\u00fdrazne zv\u00fd\u0161ia, preto odpor\u00fa\u010dame rezervova\u0165 si auto vopred, najlep\u0161ie hne\u010f po zak\u00fapen\u00ed letenky.<br \/>\n<\/em><\/p>\n<div class=\"flex max-w-full flex-col grow\">\n<div class=\"min-h-8 text-message relative flex w-full flex-col items-end gap-2 text-start break-words whitespace-normal [.text-message+&amp;]:mt-1\" dir=\"auto\" data-message-author-role=\"assistant\" data-message-id=\"b930fe2f-9bee-4db9-ac11-0fe7e26de247\" data-message-model-slug=\"gpt-5-2\">\n<div class=\"flex w-full flex-col gap-1 empty:hidden first:pt-[1px]\">\n<div class=\"markdown prose dark:prose-invert w-full break-words light markdown-new-styling\">\n<p data-start=\"0\" data-end=\"74\" data-is-last-node=\"\" data-is-only-node=\"\">Chce\u0161 sa o pren\u00e1jme auta na Malorke dozvedie\u0165 viac? Pozri si <a href=\"https:\/\/www.likexpats.com\/mallorca-pujceni-auta\/\" target=\"_blank\" rel=\"noopener\">tento \u010dl\u00e1nok<\/a>.<\/p>\n<\/div>\n<\/div>\n<\/div>\n<\/div>\n<div style=\"text-align: center;\" aria-hidden=\"true\"><strong>Zadaj k\u00f3d \u201eMYMALLORCADIARY\u201c do pol\u00ed\u010dka a klikni na \u201epou\u017ei\u0165\u201c<\/strong><\/div>\n<div aria-hidden=\"true\"><img decoding=\"async\" class=\"aligncenter size-full wp-image-27933\" src=\"https:\/\/www.likexpats.com\/wp-content\/uploads\/2024\/01\/Pronajem-auta-Mallorca.webp\" alt=\"\" width=\"1200\" height=\"800\" srcset=\"https:\/\/www.likexpats.com\/wp-content\/uploads\/2024\/01\/Pronajem-auta-Mallorca.webp 1200w, https:\/\/www.likexpats.com\/wp-content\/uploads\/2024\/01\/Pronajem-auta-Mallorca-300x200.webp 300w, https:\/\/www.likexpats.com\/wp-content\/uploads\/2024\/01\/Pronajem-auta-Mallorca-1024x683.webp 1024w, https:\/\/www.likexpats.com\/wp-content\/uploads\/2024\/01\/Pronajem-auta-Mallorca-768x512.webp 768w, https:\/\/www.likexpats.com\/wp-content\/uploads\/2024\/01\/Pronajem-auta-Mallorca-400x267.webp 400w\" sizes=\"(max-width: 1200px) 100vw, 1200px\" \/><\/div>\n<div aria-hidden=\"true\"><\/div>\n<div style=\"text-align: center;\" aria-hidden=\"true\"><strong>Okam\u017eite po zadan\u00ed k\u00f3du uvid\u00ed\u0161, \u017ee bola uplatnen\u00e1 z\u013eava 10 %.<\/strong><\/div>\n<div aria-hidden=\"true\"><\/div>\n<div aria-hidden=\"true\"><img decoding=\"async\" class=\"aligncenter size-full wp-image-27933\" src=\"https:\/\/www.likexpats.com\/wp-content\/uploads\/2024\/01\/Pronajem-auta-Mallorca.webp\" alt=\"\" width=\"1200\" height=\"800\" srcset=\"https:\/\/www.likexpats.com\/wp-content\/uploads\/2024\/01\/Pronajem-auta-Mallorca.webp 1200w, https:\/\/www.likexpats.com\/wp-content\/uploads\/2024\/01\/Pronajem-auta-Mallorca-300x200.webp 300w, https:\/\/www.likexpats.com\/wp-content\/uploads\/2024\/01\/Pronajem-auta-Mallorca-1024x683.webp 1024w, https:\/\/www.likexpats.com\/wp-content\/uploads\/2024\/01\/Pronajem-auta-Mallorca-768x512.webp 768w, https:\/\/www.likexpats.com\/wp-content\/uploads\/2024\/01\/Pronajem-auta-Mallorca-400x267.webp 400w\" sizes=\"(max-width: 1200px) 100vw, 1200px\" \/><\/div>\n<\/div>\n<p><span style=\"font-weight: 400;\">Na miestach, ktor\u00e9 sme ti dnes predstavili, uvid\u00ed\u0161 Malorku v celej jej kr\u00e1se. Nie v\u0161etky z nich s\u00fa uveden\u00e9 v klasick\u00fdch sprievodcoch, tak\u017ee m\u00e1\u0161 jedine\u010dn\u00fa pr\u00edle\u017eitos\u0165 objavi\u0165 miesta, ktor\u00e9 zost\u00e1vaj\u00fa v\u00e4\u010d\u0161ine turistov skryt\u00e9. Chce\u0161 tieto miesta nav\u0161t\u00edvi\u0165 s miestnym \u010desk\u00fdm sprievodcom? Vyber si niektor\u00fd z <a href=\"https:\/\/www.likexpats.com\/mallorca-vylety-s-ceskym-pruvodcem\/\" target=\"_blank\" rel=\"noopener\"><strong>v\u00fdletov<\/strong><\/a> a vydaj sa za dobrodru\u017estvom. <\/span><\/p>\n<div aria-hidden=\"true\">\n<h2 aria-hidden=\"true\"><span class=\"ez-toc-section\" id=\"Co_vidiet_na_Malorke_Mapa_s_tipmi_od_miestneho_Cecha\"><\/span><strong>\u010co vidie\u0165 na Malorke? Mapa s tipmi od miestneho \u010cecha <\/strong><span class=\"ez-toc-section-end\"><\/span><\/h2>\n<p>Rezervujte si auto s moj\u00edm z\u013eavov\u00fdm k\u00f3dom a z\u00edskaj mapu najlep\u0161\u00edch miest, ktor\u00e9 nem\u00f4\u017ee\u0161 vynecha\u0165. Sta\u010d\u00ed posla\u0165 potvrdenie o rezerv\u00e1cii auta na <a href=\"mailto:likexpats@gmail.com\">e-mail Likexpats<\/a> alebo do chatu a ja ti po\u0161lem mapu, ktor\u00fa som s\u00e1m vytvoril pomocou m\u00e1p Google, aby bolo cestovanie po Malorke \u010do najpohodlnej\u0161ie. Objav Malorku o\u010dami miestnych obyvate\u013eov! Mapu ti po\u0161lem aj pri rezerv\u00e1cii ubytovania na Malorke cez Likexpats. \ud83d\ude42<\/p>\n<p><strong>Mapu si m\u00f4\u017ee\u0161 k\u00fapi\u0165 aj za symbolick\u00fdch 8 EUR. K\u00fap si ju <a href=\"https:\/\/form.simpleshop.cz\/jPmb\/buy\/\" target=\"_blank\" rel=\"noopener\">tu <\/a>a u\u0161etrite ve\u013ea \u010dasu pri pl\u00e1novan\u00ed a h\u013eadan\u00ed miest, ktor\u00e9 chce\u0161 nav\u0161t\u00edvi\u0165. <\/strong><\/p>\n<\/div>\n<h2><span class=\"ez-toc-section\" id=\"Hladas_ubytovanie_na_Malorke\"><\/span><span style=\"font-weight: 400;\"><strong>H\u013ead\u00e1\u0161 ubytovanie na Malorke?<\/strong><\/span><span class=\"ez-toc-section-end\"><\/span><\/h2>\n<p><span style=\"font-weight: 400;\">Pozri si ubytovanie v Colonia de San Jordi, ktor\u00e9 osobne overil n\u00e1\u0161 zakladate\u013e Tom\u00e1\u0161:<\/span><\/p>\n<p><a href=\"https:\/\/www.likexpats.com\/sluzba\/mallorca-ubytovani-apartman-pro-2\/\" target=\"_blank\" rel=\"noopener\">Apartm\u00e1n pre 2 osoby v pr\u00edstave<\/a><br \/>\n<span style=\"font-weight: 400;\"><a href=\"https:\/\/www.likexpats.com\/sluzba\/apartmany-mallorca\/\" target=\"_blank\" rel=\"noopener\">A<\/a><a href=\"https:\/\/www.likexpats.com\/sluzba\/apartmany-mallorca\/\" target=\"_blank\" rel=\"noopener\">partm\u00e1n pre 4 osoby s v\u00fdh\u013eadom na more<\/a><\/span><br \/>\n<a href=\"https:\/\/www.likexpats.com\/sluzba\/mallorca-apartman-pro-4-osoby-u-pristavu\/\" target=\"_blank\" rel=\"noopener\"><span style=\"font-weight: 400;\">Apartm\u00e1n pre 4 osoby v pr\u00edstave<\/span><\/a><br \/>\n<a href=\"https:\/\/www.likexpats.com\/sluzba\/apartmany-u-more-na-mallorce\/\" target=\"_blank\" rel=\"noopener\"><span style=\"font-weight: 400;\">Apartm\u00e1n pre 4 osoby pri pl\u00e1\u017ei<\/span><\/a><br \/>\n<a href=\"https:\/\/www.likexpats.com\/sluzba\/apartman-pro-2-3-osoby-u-plaze\/\" target=\"_blank\" rel=\"noopener\">Apartm\u00e1n pre 2 \u2013 3 osoby pri pl\u00e1\u017ei<\/a><br \/>\n<a href=\"https:\/\/www.likexpats.com\/sluzba\/moderni-apartman-pro-6-osob-na-mallorce\/\" target=\"_blank\" rel=\"noopener\">Apartm\u00e1n pre 6 os\u00f4b pri pl\u00e1\u017ei<\/a><\/p>\n<p><span style=\"font-weight: 400;\">Okrem ubytovania sa m\u00f4\u017ee\u0161 spo\u013eahn\u00fa\u0165 na online pomoc n\u00e1\u0161ho zakladate\u013ea Tom\u00e1\u0161a a jeho tipy na skryt\u00e9 miesta, neturistick\u00e9 re\u0161taur\u00e1cie a tie najkraj\u0161ie pl\u00e1\u017ee v okol\u00ed.<\/span><\/p>\n<p><b><span class=\"cqiun4t2 khvhiq1o r5qsrrlp i5tg98hk iqx13udk przvwfww qiohso4h gfz4du6o r7fjleex nz2484kf svot0ezm dcnh1tix sxl192xd t3g6t33p\"> Pozri si \u00faplne <a href=\"https:\/\/www.mallorcaubytovani.cz\/\" target=\"_blank\" rel=\"noopener\">nov\u00fa webov\u00fa str\u00e1nku, ktor\u00e1 pon\u00faka ubytovanie na Malorke<\/a> s \u010deskou asistenciou.<\/span> <\/b><\/p>\n<p><b>\u2708\ufe0f Najlacnej\u0161ie lety na Malorku n\u00e1jde\u0161 na <\/b><a href=\"https:\/\/www.pelikan.cz\/cs\/404?url=%2Fcs%2Faid%3DLikexpats\" target=\"_blank\" rel=\"noopener\"><span class=\"s1\"><b>Pelik\u00e1n.cz<\/b><\/span><\/a><\/p>\n<p class=\"p1\">-&gt;<b> Potrebuje\u0161 letiskov\u00fd transfer na Malorke? Objednaj si ho <\/b><a href=\"https:\/\/gyg.me\/Rbxw3UMr\" target=\"_blank\" rel=\"noopener\"><span class=\"s1\"><b>tu<\/b><\/span><\/a><b> za fixn\u00fa cenu. <\/b><\/p>\n<p class=\"p1\"><span class=\"s2\"> <b>N\u00e1\u0161 tip: Nezabudni na cestovn\u00e9 poistenie, my odpor\u00fa\u010dame \u010desk\u00fa<\/b><a href=\"https:\/\/www.kqzyfj.com\/click-101018145-12934852\" target=\"_blank\" rel=\"noopener\"><span class=\"s1\"><b> pois\u0165ov\u0148u AXA, <\/b><\/span><\/a><b>kde od n\u00e1s dostane\u0161 50 % z\u013eavu<\/b><\/span><\/p>\n<p><strong>Daj n\u00e1m v koment\u00e1roch vedie\u0165, ako sa ti p\u00e1\u010dil n\u00e1\u0161 \u010dl\u00e1nok o tom, \u010do vidie\u0165 na Malorke a ak si niektor\u00e9 z miest nav\u0161t\u00edvil, daj n\u00e1m o tom vedie\u0165 v koment\u00e1roch! \ud83d\ude42<\/strong><\/p>\n<p><strong>Chce\u0161 vedie\u0165, ktor\u00e9 s\u00fa najlep\u0161ie pl\u00e1\u017ee na ostrove? Pozri si tento \u010dl\u00e1nok: <a href=\"https:\/\/www.likexpats.com\/nejkrasnejsi-plaze-na-mallorce\/\" target=\"_blank\" rel=\"noopener\">Najlep\u0161ie pl\u00e1\u017ee na Malorke<\/a> a <\/strong><a href=\"https:\/\/www.likexpats.com\/dovolena-na-mallorce\/\" target=\"_blank\" rel=\"noopener\"><strong>Dovolenka na Malorke bez cestovky<\/strong><\/a><\/p>\n","protected":false},"excerpt":{"rendered":"<p>Malorka, \u010do vidie\u0165 a nav\u0161t\u00edvi\u0165 \u2013 7 miest o\u010dami miestneho \u010cecha V\u00e4\u010d\u0161ina cestovate\u013eov si Malorku sp\u00e1ja najm\u00e4 s letnou dovolenkou. A to je \u0161koda, preto\u017ee okrem n\u00e1dhern\u00fdch pl\u00e1\u017e\u00ed s bielym pieskom a az\u00farov\u00e9ho mora tento \u0161panielsky ostrov pon\u00faka ove\u013ea viac. Vybrali sme pre teba tie najkraj\u0161ie miesta na Malorke. O\u010daria \u0165a svojou jedine\u010dnou architekt\u00farou, n\u00e1dhern\u00fdmi&hellip;<\/p>\n","protected":false},"author":3,"featured_media":37226,"comment_status":"open","ping_status":"closed","sticky":false,"template":"","format":"standard","meta":{"ub_ctt_via":"","_lmt_disableupdate":"no","_lmt_disable":"","_mi_skip_tracking":false,"_exactmetrics_sitenote_active":false,"_exactmetrics_sitenote_note":"","_exactmetrics_sitenote_category":0,"footnotes":""},"categories":[736],"tags":[770],"class_list":["post-41209","post","type-post","status-publish","format-standard","has-post-thumbnail","hentry","category-malorka","tag-cestovanie-malorka","content-box content-box-wrapper"],"featured_image_src":"https:\/\/www.likexpats.com\/wp-content\/uploads\/2022\/07\/Ulice-na-Mallorce.png","author_info":{"display_name":"Tom","author_link":"https:\/\/www.likexpats.com\/sk\/author\/tomas\/"},"yoast_head":"<!-- This site is optimized with the Yoast SEO plugin v21.3 - https:\/\/yoast.com\/wordpress\/plugins\/seo\/ -->\n<title>Malorka, \u010do vidie\u0165 a nav\u0161t\u00edvi\u0165: 7 \u00fa\u017easn\u00fdch miest<\/title>\n<meta name=\"description\" content=\"Zauj\u00edma \u0165a, \u010do vidie\u0165 a nav\u0161t\u00edvi\u0165 na ostrove Malorka? Toto s\u00fa moje tipy na miesta, ktor\u00e9 s\u00fa pod\u013ea m\u0148a tie najkraj\u0161ie z cel\u00e9ho ostrova.\" \/>\n<meta name=\"robots\" content=\"index, follow, max-snippet:-1, max-image-preview:large, max-video-preview:-1\" \/>\n<link rel=\"canonical\" href=\"https:\/\/www.likexpats.com\/sk\/malorka-co-vidiet-a-navstivit\/\" \/>\n<meta property=\"og:locale\" content=\"sk_SK\" \/>\n<meta property=\"og:type\" content=\"article\" \/>\n<meta property=\"og:title\" content=\"Malorka, \u010do vidie\u0165 a nav\u0161t\u00edvi\u0165: 7 \u00fa\u017easn\u00fdch miest\" \/>\n<meta property=\"og:description\" content=\"Zauj\u00edma \u0165a, \u010do vidie\u0165 a nav\u0161t\u00edvi\u0165 na ostrove Malorka? Toto s\u00fa moje tipy na miesta, ktor\u00e9 s\u00fa pod\u013ea m\u0148a tie najkraj\u0161ie z cel\u00e9ho ostrova.\" \/>\n<meta property=\"og:url\" content=\"https:\/\/www.likexpats.com\/sk\/malorka-co-vidiet-a-navstivit\/\" \/>\n<meta property=\"og:site_name\" content=\"Likexpats\" \/>\n<meta property=\"article:publisher\" content=\"https:\/\/www.facebook.com\/likexpats\/\" \/>\n<meta property=\"article:published_time\" content=\"2022-08-30T07:09:47+00:00\" \/>\n<meta property=\"article:modified_time\" content=\"2025-12-23T16:09:10+00:00\" \/>\n<meta property=\"og:image\" content=\"https:\/\/www.likexpats.com\/wp-content\/uploads\/2022\/07\/Ulice-na-Mallorce.png\" \/>\n\t<meta property=\"og:image:width\" content=\"728\" \/>\n\t<meta property=\"og:image:height\" content=\"291\" \/>\n\t<meta property=\"og:image:type\" content=\"image\/png\" \/>\n<meta name=\"author\" content=\"Tom\" \/>\n<meta name=\"twitter:card\" content=\"summary_large_image\" \/>\n<meta name=\"twitter:label1\" content=\"Autor\" \/>\n\t<meta name=\"twitter:data1\" content=\"Tom\" \/>\n\t<meta name=\"twitter:label2\" content=\"Predpokladan\u00fd \u010das \u010d\u00edtania\" \/>\n\t<meta name=\"twitter:data2\" content=\"15 min\u00fat\" \/>\n<script type=\"application\/ld+json\" class=\"yoast-schema-graph\">{\"@context\":\"https:\/\/schema.org\",\"@graph\":[{\"@type\":\"Article\",\"@id\":\"https:\/\/www.likexpats.com\/sk\/malorka-co-vidiet-a-navstivit\/#article\",\"isPartOf\":{\"@id\":\"https:\/\/www.likexpats.com\/sk\/malorka-co-vidiet-a-navstivit\/\"},\"author\":{\"name\":\"Tom\",\"@id\":\"https:\/\/www.likexpats.com\/#\/schema\/person\/871cd71fef7e1b59a4efc3f75a65a71f\"},\"headline\":\"Malorka, \u010do vidie\u0165 a nav\u0161t\u00edvi\u0165 \u2013 7 miest o\u010dami miestneho \u010cecha\",\"datePublished\":\"2022-08-30T07:09:47+00:00\",\"dateModified\":\"2025-12-23T16:09:10+00:00\",\"mainEntityOfPage\":{\"@id\":\"https:\/\/www.likexpats.com\/sk\/malorka-co-vidiet-a-navstivit\/\"},\"wordCount\":3325,\"commentCount\":0,\"publisher\":{\"@id\":\"https:\/\/www.likexpats.com\/#organization\"},\"keywords\":[\"Cestovanie Malorka\"],\"articleSection\":[\"Malorka\"],\"inLanguage\":\"sk-SK\",\"potentialAction\":[{\"@type\":\"CommentAction\",\"name\":\"Comment\",\"target\":[\"https:\/\/www.likexpats.com\/sk\/malorka-co-vidiet-a-navstivit\/#respond\"]}]},{\"@type\":\"WebPage\",\"@id\":\"https:\/\/www.likexpats.com\/sk\/malorka-co-vidiet-a-navstivit\/\",\"url\":\"https:\/\/www.likexpats.com\/sk\/malorka-co-vidiet-a-navstivit\/\",\"name\":\"Malorka, \u010do vidie\u0165 a nav\u0161t\u00edvi\u0165: 7 \u00fa\u017easn\u00fdch miest\",\"isPartOf\":{\"@id\":\"https:\/\/www.likexpats.com\/#website\"},\"datePublished\":\"2022-08-30T07:09:47+00:00\",\"dateModified\":\"2025-12-23T16:09:10+00:00\",\"description\":\"Zauj\u00edma \u0165a, \u010do vidie\u0165 a nav\u0161t\u00edvi\u0165 na ostrove Malorka? Toto s\u00fa moje tipy na miesta, ktor\u00e9 s\u00fa pod\u013ea m\u0148a tie najkraj\u0161ie z cel\u00e9ho ostrova.\",\"breadcrumb\":{\"@id\":\"https:\/\/www.likexpats.com\/sk\/malorka-co-vidiet-a-navstivit\/#breadcrumb\"},\"inLanguage\":\"sk-SK\",\"potentialAction\":[{\"@type\":\"ReadAction\",\"target\":[\"https:\/\/www.likexpats.com\/sk\/malorka-co-vidiet-a-navstivit\/\"]}]},{\"@type\":\"BreadcrumbList\",\"@id\":\"https:\/\/www.likexpats.com\/sk\/malorka-co-vidiet-a-navstivit\/#breadcrumb\",\"itemListElement\":[{\"@type\":\"ListItem\",\"position\":1,\"name\":\"Dom\u016f\",\"item\":\"https:\/\/www.likexpats.com\/\"},{\"@type\":\"ListItem\",\"position\":2,\"name\":\"Mallorca\",\"item\":\"https:\/\/www.likexpats.com\/blog\/mallorca\/\"},{\"@type\":\"ListItem\",\"position\":3,\"name\":\"Malorka, \u010do vidie\u0165 a nav\u0161t\u00edvi\u0165 \u2013 7 miest o\u010dami miestneho \u010cecha\"}]},{\"@type\":\"WebSite\",\"@id\":\"https:\/\/www.likexpats.com\/#website\",\"url\":\"https:\/\/www.likexpats.com\/\",\"name\":\"Likexpats\",\"description\":\"Objevuj sv\u011bt o\u010dima m\u00edstn\u00edch\",\"publisher\":{\"@id\":\"https:\/\/www.likexpats.com\/#organization\"},\"potentialAction\":[{\"@type\":\"SearchAction\",\"target\":{\"@type\":\"EntryPoint\",\"urlTemplate\":\"https:\/\/www.likexpats.com\/?s={search_term_string}\"},\"query-input\":\"required name=search_term_string\"}],\"inLanguage\":\"sk-SK\"},{\"@type\":\"Organization\",\"@id\":\"https:\/\/www.likexpats.com\/#organization\",\"name\":\"Likexpats\",\"url\":\"https:\/\/www.likexpats.com\/\",\"logo\":{\"@type\":\"ImageObject\",\"inLanguage\":\"sk-SK\",\"@id\":\"https:\/\/www.likexpats.com\/#\/schema\/logo\/image\/\",\"url\":\"\",\"contentUrl\":\"\",\"caption\":\"Likexpats\"},\"image\":{\"@id\":\"https:\/\/www.likexpats.com\/#\/schema\/logo\/image\/\"},\"sameAs\":[\"https:\/\/www.facebook.com\/likexpats\/\",\"https:\/\/www.instagram.com\/likexpats\/\",\"https:\/\/www.youtube.com\/channel\/UCm8hZb3Ivwhc29okqpbBotw\"]},{\"@type\":\"Person\",\"@id\":\"https:\/\/www.likexpats.com\/#\/schema\/person\/871cd71fef7e1b59a4efc3f75a65a71f\",\"name\":\"Tom\",\"image\":{\"@type\":\"ImageObject\",\"inLanguage\":\"sk-SK\",\"@id\":\"https:\/\/www.likexpats.com\/#\/schema\/person\/image\/\",\"url\":\"https:\/\/www.likexpats.com\/wp-content\/uploads\/2022\/05\/Mallorca-100x100.png\",\"contentUrl\":\"https:\/\/www.likexpats.com\/wp-content\/uploads\/2022\/05\/Mallorca-100x100.png\",\"caption\":\"Tom\"},\"description\":\"Zdrav\u00edm! :) Na Mallorce \u017eiju u\u017e n\u011bjak\u00fd ten p\u00e1tek a r\u00e1d v\u00e1m d\u00e1m tipy na v\u0161echna ta kr\u00e1sn\u00e1 m\u00edsta, \u00fa\u017easn\u00e9 pl\u00e1\u017ee a z\u00e1toky, kter\u00e9 jsem tady b\u011bhem t\u011bch let na tomto jedine\u010dn\u00e9m ostrov\u011b poznal. Toto ubytov\u00e1n\u00ed sice nem\u00e1 \u010desk\u00e9ho majitele, ale po\u010d\u00edtat m\u016f\u017eete s moj\u00ed \u010deskou online asistenc\u00ed! :) Ke ka\u017ed\u00e9 rezervaci v\u00e1m nav\u00edc po\u0161lu mapkou s radami a tipy k tomu, co v okol\u00ed nav\u0161t\u00edvit a co ur\u010dit\u011b nevynechat. T\u011b\u0161\u00edm se na v\u00e1s. :-)\",\"url\":\"https:\/\/www.likexpats.com\/sk\/author\/tomas\/\"}]}<\/script>\n<!-- \/ Yoast SEO plugin. -->","yoast_head_json":{"title":"Malorka, \u010do vidie\u0165 a nav\u0161t\u00edvi\u0165: 7 \u00fa\u017easn\u00fdch miest","description":"Zauj\u00edma \u0165a, \u010do vidie\u0165 a nav\u0161t\u00edvi\u0165 na ostrove Malorka? Toto s\u00fa moje tipy na miesta, ktor\u00e9 s\u00fa pod\u013ea m\u0148a tie najkraj\u0161ie z cel\u00e9ho ostrova.","robots":{"index":"index","follow":"follow","max-snippet":"max-snippet:-1","max-image-preview":"max-image-preview:large","max-video-preview":"max-video-preview:-1"},"canonical":"https:\/\/www.likexpats.com\/sk\/malorka-co-vidiet-a-navstivit\/","og_locale":"sk_SK","og_type":"article","og_title":"Malorka, \u010do vidie\u0165 a nav\u0161t\u00edvi\u0165: 7 \u00fa\u017easn\u00fdch miest","og_description":"Zauj\u00edma \u0165a, \u010do vidie\u0165 a nav\u0161t\u00edvi\u0165 na ostrove Malorka? Toto s\u00fa moje tipy na miesta, ktor\u00e9 s\u00fa pod\u013ea m\u0148a tie najkraj\u0161ie z cel\u00e9ho ostrova.","og_url":"https:\/\/www.likexpats.com\/sk\/malorka-co-vidiet-a-navstivit\/","og_site_name":"Likexpats","article_publisher":"https:\/\/www.facebook.com\/likexpats\/","article_published_time":"2022-08-30T07:09:47+00:00","article_modified_time":"2025-12-23T16:09:10+00:00","og_image":[{"width":728,"height":291,"url":"https:\/\/www.likexpats.com\/wp-content\/uploads\/2022\/07\/Ulice-na-Mallorce.png","type":"image\/png"}],"author":"Tom","twitter_card":"summary_large_image","twitter_misc":{"Autor":"Tom","Predpokladan\u00fd \u010das \u010d\u00edtania":"15 min\u00fat"},"schema":{"@context":"https:\/\/schema.org","@graph":[{"@type":"Article","@id":"https:\/\/www.likexpats.com\/sk\/malorka-co-vidiet-a-navstivit\/#article","isPartOf":{"@id":"https:\/\/www.likexpats.com\/sk\/malorka-co-vidiet-a-navstivit\/"},"author":{"name":"Tom","@id":"https:\/\/www.likexpats.com\/#\/schema\/person\/871cd71fef7e1b59a4efc3f75a65a71f"},"headline":"Malorka, \u010do vidie\u0165 a nav\u0161t\u00edvi\u0165 \u2013 7 miest o\u010dami miestneho \u010cecha","datePublished":"2022-08-30T07:09:47+00:00","dateModified":"2025-12-23T16:09:10+00:00","mainEntityOfPage":{"@id":"https:\/\/www.likexpats.com\/sk\/malorka-co-vidiet-a-navstivit\/"},"wordCount":3325,"commentCount":0,"publisher":{"@id":"https:\/\/www.likexpats.com\/#organization"},"keywords":["Cestovanie Malorka"],"articleSection":["Malorka"],"inLanguage":"sk-SK","potentialAction":[{"@type":"CommentAction","name":"Comment","target":["https:\/\/www.likexpats.com\/sk\/malorka-co-vidiet-a-navstivit\/#respond"]}]},{"@type":"WebPage","@id":"https:\/\/www.likexpats.com\/sk\/malorka-co-vidiet-a-navstivit\/","url":"https:\/\/www.likexpats.com\/sk\/malorka-co-vidiet-a-navstivit\/","name":"Malorka, \u010do vidie\u0165 a nav\u0161t\u00edvi\u0165: 7 \u00fa\u017easn\u00fdch miest","isPartOf":{"@id":"https:\/\/www.likexpats.com\/#website"},"datePublished":"2022-08-30T07:09:47+00:00","dateModified":"2025-12-23T16:09:10+00:00","description":"Zauj\u00edma \u0165a, \u010do vidie\u0165 a nav\u0161t\u00edvi\u0165 na ostrove Malorka? Toto s\u00fa moje tipy na miesta, ktor\u00e9 s\u00fa pod\u013ea m\u0148a tie najkraj\u0161ie z cel\u00e9ho ostrova.","breadcrumb":{"@id":"https:\/\/www.likexpats.com\/sk\/malorka-co-vidiet-a-navstivit\/#breadcrumb"},"inLanguage":"sk-SK","potentialAction":[{"@type":"ReadAction","target":["https:\/\/www.likexpats.com\/sk\/malorka-co-vidiet-a-navstivit\/"]}]},{"@type":"BreadcrumbList","@id":"https:\/\/www.likexpats.com\/sk\/malorka-co-vidiet-a-navstivit\/#breadcrumb","itemListElement":[{"@type":"ListItem","position":1,"name":"Dom\u016f","item":"https:\/\/www.likexpats.com\/"},{"@type":"ListItem","position":2,"name":"Mallorca","item":"https:\/\/www.likexpats.com\/blog\/mallorca\/"},{"@type":"ListItem","position":3,"name":"Malorka, \u010do vidie\u0165 a nav\u0161t\u00edvi\u0165 \u2013 7 miest o\u010dami miestneho \u010cecha"}]},{"@type":"WebSite","@id":"https:\/\/www.likexpats.com\/#website","url":"https:\/\/www.likexpats.com\/","name":"Likexpats","description":"Objevuj sv\u011bt o\u010dima m\u00edstn\u00edch","publisher":{"@id":"https:\/\/www.likexpats.com\/#organization"},"potentialAction":[{"@type":"SearchAction","target":{"@type":"EntryPoint","urlTemplate":"https:\/\/www.likexpats.com\/?s={search_term_string}"},"query-input":"required name=search_term_string"}],"inLanguage":"sk-SK"},{"@type":"Organization","@id":"https:\/\/www.likexpats.com\/#organization","name":"Likexpats","url":"https:\/\/www.likexpats.com\/","logo":{"@type":"ImageObject","inLanguage":"sk-SK","@id":"https:\/\/www.likexpats.com\/#\/schema\/logo\/image\/","url":"","contentUrl":"","caption":"Likexpats"},"image":{"@id":"https:\/\/www.likexpats.com\/#\/schema\/logo\/image\/"},"sameAs":["https:\/\/www.facebook.com\/likexpats\/","https:\/\/www.instagram.com\/likexpats\/","https:\/\/www.youtube.com\/channel\/UCm8hZb3Ivwhc29okqpbBotw"]},{"@type":"Person","@id":"https:\/\/www.likexpats.com\/#\/schema\/person\/871cd71fef7e1b59a4efc3f75a65a71f","name":"Tom","image":{"@type":"ImageObject","inLanguage":"sk-SK","@id":"https:\/\/www.likexpats.com\/#\/schema\/person\/image\/","url":"https:\/\/www.likexpats.com\/wp-content\/uploads\/2022\/05\/Mallorca-100x100.png","contentUrl":"https:\/\/www.likexpats.com\/wp-content\/uploads\/2022\/05\/Mallorca-100x100.png","caption":"Tom"},"description":"Zdrav\u00edm! :) Na Mallorce \u017eiju u\u017e n\u011bjak\u00fd ten p\u00e1tek a r\u00e1d v\u00e1m d\u00e1m tipy na v\u0161echna ta kr\u00e1sn\u00e1 m\u00edsta, \u00fa\u017easn\u00e9 pl\u00e1\u017ee a z\u00e1toky, kter\u00e9 jsem tady b\u011bhem t\u011bch let na tomto jedine\u010dn\u00e9m ostrov\u011b poznal. Toto ubytov\u00e1n\u00ed sice nem\u00e1 \u010desk\u00e9ho majitele, ale po\u010d\u00edtat m\u016f\u017eete s moj\u00ed \u010deskou online asistenc\u00ed! :) Ke ka\u017ed\u00e9 rezervaci v\u00e1m nav\u00edc po\u0161lu mapkou s radami a tipy k tomu, co v okol\u00ed nav\u0161t\u00edvit a co ur\u010dit\u011b nevynechat. T\u011b\u0161\u00edm se na v\u00e1s. :-)","url":"https:\/\/www.likexpats.com\/sk\/author\/tomas\/"}]}},"modified_by":"Tom","_links":{"self":[{"href":"https:\/\/www.likexpats.com\/sk\/wp-json\/wp\/v2\/posts\/41209","targetHints":{"allow":["GET"]}}],"collection":[{"href":"https:\/\/www.likexpats.com\/sk\/wp-json\/wp\/v2\/posts"}],"about":[{"href":"https:\/\/www.likexpats.com\/sk\/wp-json\/wp\/v2\/types\/post"}],"author":[{"embeddable":true,"href":"https:\/\/www.likexpats.com\/sk\/wp-json\/wp\/v2\/users\/3"}],"replies":[{"embeddable":true,"href":"https:\/\/www.likexpats.com\/sk\/wp-json\/wp\/v2\/comments?post=41209"}],"version-history":[{"count":3,"href":"https:\/\/www.likexpats.com\/sk\/wp-json\/wp\/v2\/posts\/41209\/revisions"}],"predecessor-version":[{"id":60311,"href":"https:\/\/www.likexpats.com\/sk\/wp-json\/wp\/v2\/posts\/41209\/revisions\/60311"}],"wp:featuredmedia":[{"embeddable":true,"href":"https:\/\/www.likexpats.com\/sk\/wp-json\/wp\/v2\/media\/37226"}],"wp:attachment":[{"href":"https:\/\/www.likexpats.com\/sk\/wp-json\/wp\/v2\/media?parent=41209"}],"wp:term":[{"taxonomy":"category","embeddable":true,"href":"https:\/\/www.likexpats.com\/sk\/wp-json\/wp\/v2\/categories?post=41209"},{"taxonomy":"post_tag","embeddable":true,"href":"https:\/\/www.likexpats.com\/sk\/wp-json\/wp\/v2\/tags?post=41209"}],"curies":[{"name":"wp","href":"https:\/\/api.w.org\/{rel}","templated":true}]}}